{"id":464,"date":"2020-11-29T15:43:00","date_gmt":"2020-11-29T15:43:00","guid":{"rendered":"https:\/\/florieteller.com\/shop\/?p=464"},"modified":"2021-02-22T16:10:06","modified_gmt":"2021-02-22T16:10:06","slug":"kit-slow","status":"publish","type":"post","link":"https:\/\/florieteller.com\/shop\/notes\/kit-slow\/","title":{"rendered":"Kit d&rsquo;exploration cr\u00e9ative : le slow."},"content":{"rendered":"\n<p>\u00c7a y est, il est pr\u00eat ! Le kit num\u00e9rique de pratiques cr\u00e9atives autour du slow <a href=\"https:\/\/florieteller.com\/shop\/produit\/kit-slow\/\" target=\"_blank\" rel=\"noreferrer noopener\">est en ligne<\/a>. Apr\u00e8s l&rsquo;exp\u00e9rimentation du kit estival cet \u00e9t\u00e9, j&rsquo;ai d\u00e9cid\u00e9 d&rsquo;am\u00e9liorer et remettre en vente les outils d&rsquo;exploration cr\u00e9ative autour de la philosophie \u00ab\u00a0slow\u00a0\u00bb. <\/p>\n\n\n\n<p>Cette fois-ci, les cr\u00e9ations du kit sont \u00e9galement disponibles s\u00e9par\u00e9ment, si seulement une partie du kit vous int\u00e9resse. Bien s\u00fbr, les bonus ne sont disponibles que dans le kit complet.<\/p>\n\n\n\n<h2>L&rsquo;origine du kit slow.<\/h2>\n\n\n\n<p><strong>L&rsquo;id\u00e9e m&rsquo;est venue de mes arts pluriels<\/strong> : ce qui fait ma singularit\u00e9 en tant qu&rsquo;artiste, c&rsquo;est de piocher dans diff\u00e9rentes formes d&rsquo;art qui se nourrissent mutuellement. Si chacune des cr\u00e9ations s\u00e9par\u00e9es apporte sa propre valeur, c&rsquo;est la synergie des diff\u00e9rentes pratiques, je trouve, qui enrichit l&rsquo;ensemble de l&rsquo;exp\u00e9rience.<\/p>\n\n\n\n<p>Alors je me suis dit : et pourquoi pas proposer des kits cr\u00e9atifs comprenant plusieurs cr\u00e9ations compl\u00e9mentaires autour d&rsquo;un th\u00e8me, pour l&rsquo;explorer \u00e0 travers diff\u00e9rents angles ?<\/p>\n\n\n\n<p><strong>C&rsquo;est ainsi qu&rsquo;est n\u00e9 le kit slow<\/strong> : <\/p>\n\n\n\n<ul><li>Avec <a href=\"https:\/\/florieteller.com\/shop\/product\/slow-prendre-le-temps-de-vivre\/\" target=\"_blank\" rel=\"noreferrer noopener\">l&rsquo;essai sur le slow<\/a>, je pose ma d\u00e9finition de la philosophie de mani\u00e8re simple et claire de mani\u00e8re \u00e0 vous approprier le concept.<\/li><li>Puis vous pouvez passer \u00e0 l&rsquo;action avec <a href=\"https:\/\/florieteller.com\/shop\/product\/exploration-creative-le-slow\/\" target=\"_blank\" rel=\"noreferrer noopener\">le livret d&rsquo;exploration cr\u00e9ative<\/a> comportant 7 exercices pour explorer votre rapport au temps de mani\u00e8re intuitive, douce et cr\u00e9ative.<\/li><li>Enfin, vous pouvez int\u00e9grer cette approche slow \u00e0 votre routine d&rsquo;organisation gr\u00e2ce au <a href=\"https:\/\/florieteller.com\/shop\/product\/fiche-point-du-mois-slow\/\" target=\"_blank\" rel=\"noreferrer noopener\">point du mois en mode slow<\/a>, que j&rsquo;utilise moi-m\u00eame chaque mois.<\/li><li>Le kit contient deux bonus : une<strong> capsule audio en mode podcast<\/strong> o\u00f9 je vous raconte mon cheminement autour du slow au fil des ann\u00e9es, et <strong>une fiche PDF <\/strong>pour explorer plus en profondeur votre rapport au temps en utilisant les six ingr\u00e9dients du voyage cr\u00e9atif.<\/li><\/ul>\n\n\n\n<figure class=\"wp-block-image alignfull size-large\"><img loading=\"lazy\" width=\"1024\" height=\"575\" src=\"https:\/\/florieteller.com\/shop\/wp-content\/uploads\/sites\/3\/2021\/02\/arts-fin-1024x575.jpg\" alt=\"\" class=\"wp-image-466\" srcset=\"https:\/\/florieteller.com\/shop\/wp-content\/uploads\/sites\/3\/2021\/02\/arts-fin-1024x575.jpg 1024w, https:\/\/florieteller.com\/shop\/wp-content\/uploads\/sites\/3\/2021\/02\/arts-fin-300x168.jpg 300w, https:\/\/florieteller.com\/shop\/wp-content\/uploads\/sites\/3\/2021\/02\/arts-fin-768x431.jpg 768w, https:\/\/florieteller.com\/shop\/wp-content\/uploads\/sites\/3\/2021\/02\/arts-fin-1536x862.jpg 1536w, https:\/\/florieteller.com\/shop\/wp-content\/uploads\/sites\/3\/2021\/02\/arts-fin-2048x1149.jpg 2048w, https:\/\/florieteller.com\/shop\/wp-content\/uploads\/sites\/3\/2021\/02\/arts-fin-200x112.jpg 200w, https:\/\/florieteller.com\/shop\/wp-content\/uploads\/sites\/3\/2021\/02\/arts-fin-600x337.jpg 600w\" sizes=\"(max-width: 1024px) 100vw, 1024px\" \/><\/figure>\n\n\n\n<p>J&rsquo;ai ador\u00e9 concevoir ce kit pour vous : <strong>je trouve qu&rsquo;il repr\u00e9sente l&rsquo;essence de ce que je peux apporter c\u00f4t\u00e9 exploration cr\u00e9ative en tant qu&rsquo;artiste plurielle.<\/strong> Ce n&rsquo;est qu&rsquo;une premi\u00e8re exp\u00e9rimentation : si le concept vous pla\u00eet, j&rsquo;ai bien l&rsquo;intention de proposer davantage de kits au fil du temps, \u00e0 mesure que j&rsquo;affine ma voix et que j&rsquo;ajoute davantage de pratiques cr\u00e9atives \u00e0 mes arts pluriels.<\/p>\n\n\n\n<p>En attendant, si le kit slow vous int\u00e9resse, vous pouvez vous rendre sur <a href=\"https:\/\/florieteller.com\/shop\/produit\/kit-slow\/\" target=\"_blank\" rel=\"noreferrer noopener\">la page de la cr\u00e9ation <\/a>et n&rsquo;h\u00e9sitez pas \u00e0 me dire ce que vous pensez de ce concept, vos retours m&rsquo;aident toujours \u00e0 am\u00e9liorer mes cr\u00e9ations !<\/p>\n\n\n\n<p>Belle journ\u00e9e, merveilleuse soir\u00e9e, douce exploration slow et \u00e0 la prochaine&#8230;<\/p>\n\n\n\n<p>Florie.<\/p>\n","protected":false},"excerpt":{"rendered":"<p>\u00c7a y est, il est pr\u00eat ! Le kit num\u00e9rique de pratiques cr\u00e9atives autour du slow est en ligne. Apr\u00e8s l&rsquo;exp\u00e9rimentation du kit estival cet \u00e9t\u00e9, j&rsquo;ai d\u00e9cid\u00e9 d&rsquo;am\u00e9liorer et remettre en vente les outils d&rsquo;exploration cr\u00e9ative autour de la philosophie \u00ab\u00a0slow\u00a0\u00bb. Cette fois-ci, les cr\u00e9ations du kit sont \u00e9galement disponibles s\u00e9par\u00e9ment, si seulement une&hellip;<\/p>\n","protected":false},"author":1,"featured_media":465,"comment_status":"open","ping_status":"open","sticky":false,"template":"","format":"standard","meta":{"spay_email":""},"categories":[47],"tags":[50,52],"jetpack_featured_media_url":"https:\/\/florieteller.com\/shop\/wp-content\/uploads\/sites\/3\/2021\/02\/kit-slow-article.jpg","_links":{"self":[{"href":"https:\/\/florieteller.com\/shop\/wp-json\/wp\/v2\/posts\/464"}],"collection":[{"href":"https:\/\/florieteller.com\/shop\/wp-json\/wp\/v2\/posts"}],"about":[{"href":"https:\/\/florieteller.com\/shop\/wp-json\/wp\/v2\/types\/post"}],"author":[{"embeddable":true,"href":"https:\/\/florieteller.com\/shop\/wp-json\/wp\/v2\/users\/1"}],"replies":[{"embeddable":true,"href":"https:\/\/florieteller.com\/shop\/wp-json\/wp\/v2\/comments?post=464"}],"version-history":[{"count":2,"href":"https:\/\/florieteller.com\/shop\/wp-json\/wp\/v2\/posts\/464\/revisions"}],"predecessor-version":[{"id":469,"href":"https:\/\/florieteller.com\/shop\/wp-json\/wp\/v2\/posts\/464\/revisions\/469"}],"wp:featuredmedia":[{"embeddable":true,"href":"https:\/\/florieteller.com\/shop\/wp-json\/wp\/v2\/media\/465"}],"wp:attachment":[{"href":"https:\/\/florieteller.com\/shop\/wp-json\/wp\/v2\/media?parent=464"}],"wp:term":[{"taxonomy":"category","embeddable":true,"href":"https:\/\/florieteller.com\/shop\/wp-json\/wp\/v2\/categories?post=464"},{"taxonomy":"post_tag","embeddable":true,"href":"https:\/\/florieteller.com\/shop\/wp-json\/wp\/v2\/tags?post=464"}],"curies":[{"name":"wp","href":"https:\/\/api.w.org\/{rel}","templated":true}]}}