{"id":519,"date":"2021-02-26T11:17:20","date_gmt":"2021-02-26T11:17:20","guid":{"rendered":"https:\/\/florieteller.com\/shop\/?p=519"},"modified":"2021-02-26T11:17:21","modified_gmt":"2021-02-26T11:17:21","slug":"collection-botanique-imprimable","status":"publish","type":"post","link":"https:\/\/florieteller.com\/shop\/notes\/collection-botanique-imprimable\/","title":{"rendered":"Collection botanique : illustrations \u00e0 imprimer pour la papeterie cr\u00e9ative !"},"content":{"rendered":"\n<p>Un pack d&rsquo;illustrations au ton printanier pour coller dans le Bullet Journal, ajouter \u00e0 des d\u00e9coupages cr\u00e9atifs ou imprimer pour d\u00e9corer la maison avec une touche botanique&#8230;<\/p>\n\n\n\n<blockquote class=\"wp-block-quote\"><p>J&rsquo;adore la papeterie cr\u00e9ative : d\u00e9corer mon Bullet Journal, cr\u00e9er des pages de carnet avec des dessins, collages, tampons, stickers et plus encore, illustrer un journal de voyage (si et quand ce sera de nouveau possible&#8230;), me souvenir des d\u00e9tails du quotidien \u00e0 travers des pages de non-fiction cr\u00e9ative d\u00e9cor\u00e9es&#8230;<\/p><\/blockquote>\n\n\n\n<p>Du coup, \u00e7a fait plusieurs mois que je r\u00eave de num\u00e9riser mes aquarelles et de cr\u00e9er des illustrations \u00e0 imprimer, pour \u00e9gayer mes pages de carnet cr\u00e9atives, et pourquoi pas les v\u00f4tres ? Apr\u00e8s une premi\u00e8re exp\u00e9rimentation avec le kit estival en 2020, j&rsquo;ai pris des cours d&rsquo;illustration num\u00e9rique pour affiner mon style et me revoil\u00e0 avec un pack d&rsquo;illustrations num\u00e9riques !<\/p>\n\n\n\n<p>Vu qu&rsquo;il s&rsquo;agit de la curiosit\u00e9 de f\u00e9vrier 2021, qui sort alors que le soleil revient et les jours s&rsquo;allongent, j&rsquo;ai opt\u00e9 pour un th\u00e8me botanique, autour de la v\u00e9g\u00e9tation et des fleurs printani\u00e8res. J&rsquo;ai pris \u00e9norm\u00e9ment de plaisir \u00e0 cr\u00e9er ces illustrations et j&rsquo;esp\u00e8re qu&rsquo;elles attiseront aussi votre cr\u00e9ativit\u00e9 !<\/p>\n\n\n\n<div class=\"wp-block-image\"><figure class=\"aligncenter size-large is-resized\"><img loading=\"lazy\" src=\"https:\/\/florieteller.com\/shop\/wp-content\/uploads\/sites\/3\/2021\/02\/Couverture-botanique-724x1024.jpg\" alt=\"\" class=\"wp-image-512\" width=\"310\" height=\"439\" srcset=\"https:\/\/florieteller.com\/shop\/wp-content\/uploads\/sites\/3\/2021\/02\/Couverture-botanique-724x1024.jpg 724w, https:\/\/florieteller.com\/shop\/wp-content\/uploads\/sites\/3\/2021\/02\/Couverture-botanique-212x300.jpg 212w, https:\/\/florieteller.com\/shop\/wp-content\/uploads\/sites\/3\/2021\/02\/Couverture-botanique-768x1086.jpg 768w, https:\/\/florieteller.com\/shop\/wp-content\/uploads\/sites\/3\/2021\/02\/Couverture-botanique-1086x1536.jpg 1086w, https:\/\/florieteller.com\/shop\/wp-content\/uploads\/sites\/3\/2021\/02\/Couverture-botanique-1448x2048.jpg 1448w, https:\/\/florieteller.com\/shop\/wp-content\/uploads\/sites\/3\/2021\/02\/Couverture-botanique-200x283.jpg 200w, https:\/\/florieteller.com\/shop\/wp-content\/uploads\/sites\/3\/2021\/02\/Couverture-botanique-600x849.jpg 600w, https:\/\/florieteller.com\/shop\/wp-content\/uploads\/sites\/3\/2021\/02\/Couverture-botanique-scaled.jpg 1810w\" sizes=\"(max-width: 310px) 100vw, 310px\" \/><\/figure><\/div>\n\n\n\n<div class=\"wp-block-buttons aligncenter\">\n<div class=\"wp-block-button\"><a class=\"wp-block-button__link has-text-color has-suki-color-7-color has-background has-suki-color-4-background-color\" style=\"border-radius:8px\" target=\"_blank\" rel=\"noreferrer noopener\">Je d\u00e9couvre la collection botanique.<\/a><\/div>\n<\/div>\n\n\n\n<div class=\"wp-block-jetpack-tiled-gallery aligncenter is-style-rectangular\"><div class=\"tiled-gallery__gallery\"><div class=\"tiled-gallery__row\"><div class=\"tiled-gallery__col\"><figure class=\"tiled-gallery__item\"><img srcset=\"https:\/\/i0.wp.com\/florieteller.com\/shop\/wp-content\/uploads\/sites\/3\/2021\/02\/Coll-botanique3-scaled.jpg?strip=info&#038;w=600&#038;ssl=1 600w,https:\/\/i0.wp.com\/florieteller.com\/shop\/wp-content\/uploads\/sites\/3\/2021\/02\/Coll-botanique3-scaled.jpg?strip=info&#038;w=900&#038;ssl=1 900w,https:\/\/i0.wp.com\/florieteller.com\/shop\/wp-content\/uploads\/sites\/3\/2021\/02\/Coll-botanique3-scaled.jpg?strip=info&#038;w=1200&#038;ssl=1 1200w,https:\/\/i0.wp.com\/florieteller.com\/shop\/wp-content\/uploads\/sites\/3\/2021\/02\/Coll-botanique3-scaled.jpg?strip=info&#038;w=1500&#038;ssl=1 1500w,https:\/\/i0.wp.com\/florieteller.com\/shop\/wp-content\/uploads\/sites\/3\/2021\/02\/Coll-botanique3-scaled.jpg?strip=info&#038;w=1800&#038;ssl=1 1800w,https:\/\/i0.wp.com\/florieteller.com\/shop\/wp-content\/uploads\/sites\/3\/2021\/02\/Coll-botanique3-scaled.jpg?strip=info&#038;w=1810&#038;ssl=1 1810w\" alt=\"\" data-height=\"2560\" data-id=\"514\" data-link=\"https:\/\/florieteller.com\/shop\/?attachment_id=514\" data-url=\"https:\/\/florieteller.com\/shop\/wp-content\/uploads\/sites\/3\/2021\/02\/Coll-botanique3-scaled.jpg\" data-width=\"1810\" src=\"https:\/\/i0.wp.com\/florieteller.com\/shop\/wp-content\/uploads\/sites\/3\/2021\/02\/Coll-botanique3-scaled.jpg?ssl=1\"\/><\/figure><\/div><div class=\"tiled-gallery__col\"><figure class=\"tiled-gallery__item\"><img srcset=\"https:\/\/i0.wp.com\/florieteller.com\/shop\/wp-content\/uploads\/sites\/3\/2021\/02\/Coll-botanique4-scaled.jpg?strip=info&#038;w=600&#038;ssl=1 600w,https:\/\/i0.wp.com\/florieteller.com\/shop\/wp-content\/uploads\/sites\/3\/2021\/02\/Coll-botanique4-scaled.jpg?strip=info&#038;w=900&#038;ssl=1 900w,https:\/\/i0.wp.com\/florieteller.com\/shop\/wp-content\/uploads\/sites\/3\/2021\/02\/Coll-botanique4-scaled.jpg?strip=info&#038;w=1200&#038;ssl=1 1200w,https:\/\/i0.wp.com\/florieteller.com\/shop\/wp-content\/uploads\/sites\/3\/2021\/02\/Coll-botanique4-scaled.jpg?strip=info&#038;w=1500&#038;ssl=1 1500w,https:\/\/i0.wp.com\/florieteller.com\/shop\/wp-content\/uploads\/sites\/3\/2021\/02\/Coll-botanique4-scaled.jpg?strip=info&#038;w=1800&#038;ssl=1 1800w,https:\/\/i0.wp.com\/florieteller.com\/shop\/wp-content\/uploads\/sites\/3\/2021\/02\/Coll-botanique4-scaled.jpg?strip=info&#038;w=1810&#038;ssl=1 1810w\" alt=\"\" data-height=\"2560\" data-id=\"515\" data-link=\"https:\/\/florieteller.com\/shop\/?attachment_id=515\" data-url=\"https:\/\/florieteller.com\/shop\/wp-content\/uploads\/sites\/3\/2021\/02\/Coll-botanique4-scaled.jpg\" data-width=\"1810\" src=\"https:\/\/i0.wp.com\/florieteller.com\/shop\/wp-content\/uploads\/sites\/3\/2021\/02\/Coll-botanique4-scaled.jpg?ssl=1\"\/><\/figure><\/div><div class=\"tiled-gallery__col\"><figure class=\"tiled-gallery__item\"><img srcset=\"https:\/\/i2.wp.com\/florieteller.com\/shop\/wp-content\/uploads\/sites\/3\/2021\/02\/Coll-botanique-2-scaled.jpg?strip=info&#038;w=600&#038;ssl=1 600w,https:\/\/i2.wp.com\/florieteller.com\/shop\/wp-content\/uploads\/sites\/3\/2021\/02\/Coll-botanique-2-scaled.jpg?strip=info&#038;w=900&#038;ssl=1 900w,https:\/\/i2.wp.com\/florieteller.com\/shop\/wp-content\/uploads\/sites\/3\/2021\/02\/Coll-botanique-2-scaled.jpg?strip=info&#038;w=1200&#038;ssl=1 1200w,https:\/\/i2.wp.com\/florieteller.com\/shop\/wp-content\/uploads\/sites\/3\/2021\/02\/Coll-botanique-2-scaled.jpg?strip=info&#038;w=1500&#038;ssl=1 1500w,https:\/\/i2.wp.com\/florieteller.com\/shop\/wp-content\/uploads\/sites\/3\/2021\/02\/Coll-botanique-2-scaled.jpg?strip=info&#038;w=1800&#038;ssl=1 1800w,https:\/\/i2.wp.com\/florieteller.com\/shop\/wp-content\/uploads\/sites\/3\/2021\/02\/Coll-botanique-2-scaled.jpg?strip=info&#038;w=1810&#038;ssl=1 1810w\" alt=\"\" data-height=\"2560\" data-id=\"516\" data-link=\"https:\/\/florieteller.com\/shop\/?attachment_id=516\" data-url=\"https:\/\/florieteller.com\/shop\/wp-content\/uploads\/sites\/3\/2021\/02\/Coll-botanique-2-scaled.jpg\" data-width=\"1810\" src=\"https:\/\/i2.wp.com\/florieteller.com\/shop\/wp-content\/uploads\/sites\/3\/2021\/02\/Coll-botanique-2-scaled.jpg?ssl=1\"\/><\/figure><\/div><\/div><\/div><\/div>\n","protected":false},"excerpt":{"rendered":"<p>Un pack d&rsquo;illustrations au ton printanier pour coller dans le Bullet Journal, ajouter \u00e0 des d\u00e9coupages cr\u00e9atifs ou imprimer pour d\u00e9corer la maison avec une touche botanique&#8230; J&rsquo;adore la papeterie cr\u00e9ative : d\u00e9corer mon Bullet Journal, cr\u00e9er des pages de carnet avec des dessins, collages, tampons, stickers et plus encore, illustrer un journal de voyage&hellip;<\/p>\n","protected":false},"author":1,"featured_media":520,"comment_status":"open","ping_status":"open","sticky":false,"template":"","format":"standard","meta":{"spay_email":""},"categories":[47],"tags":[50,52],"jetpack_featured_media_url":"https:\/\/florieteller.com\/shop\/wp-content\/uploads\/sites\/3\/2021\/02\/collection-botanique.jpg","_links":{"self":[{"href":"https:\/\/florieteller.com\/shop\/wp-json\/wp\/v2\/posts\/519"}],"collection":[{"href":"https:\/\/florieteller.com\/shop\/wp-json\/wp\/v2\/posts"}],"about":[{"href":"https:\/\/florieteller.com\/shop\/wp-json\/wp\/v2\/types\/post"}],"author":[{"embeddable":true,"href":"https:\/\/florieteller.com\/shop\/wp-json\/wp\/v2\/users\/1"}],"replies":[{"embeddable":true,"href":"https:\/\/florieteller.com\/shop\/wp-json\/wp\/v2\/comments?post=519"}],"version-history":[{"count":2,"href":"https:\/\/florieteller.com\/shop\/wp-json\/wp\/v2\/posts\/519\/revisions"}],"predecessor-version":[{"id":522,"href":"https:\/\/florieteller.com\/shop\/wp-json\/wp\/v2\/posts\/519\/revisions\/522"}],"wp:featuredmedia":[{"embeddable":true,"href":"https:\/\/florieteller.com\/shop\/wp-json\/wp\/v2\/media\/520"}],"wp:attachment":[{"href":"https:\/\/florieteller.com\/shop\/wp-json\/wp\/v2\/media?parent=519"}],"wp:term":[{"taxonomy":"category","embeddable":true,"href":"https:\/\/florieteller.com\/shop\/wp-json\/wp\/v2\/categories?post=519"},{"taxonomy":"post_tag","embeddable":true,"href":"https:\/\/florieteller.com\/shop\/wp-json\/wp\/v2\/tags?post=519"}],"curies":[{"name":"wp","href":"https:\/\/api.w.org\/{rel}","templated":true}]}}